{"id":433,"date":"2020-09-26T17:53:01","date_gmt":"2020-09-26T22:53:01","guid":{"rendered":"https:\/\/corpomixnortedesantander.com\/web\/?p=433"},"modified":"2022-09-23T14:36:24","modified_gmt":"2022-09-23T19:36:24","slug":"dia-mundial-del-turismo","status":"publish","type":"post","link":"https:\/\/corpomixnortedesantander.com\/web\/dia-mundial-del-turismo\/","title":{"rendered":"D\u00eda Mundial del Turismo"},"content":{"rendered":"[et_pb_section admin_label=&#8221;section&#8221;]\n\t\t[et_pb_row admin_label=&#8221;row&#8221;]\n\t\t\t[et_pb_column type=&#8221;4_4&#8243;][et_pb_text admin_label=&#8221;Text&#8221;]\n<p>Hoy 27 de septiembre de 2020, se conmemora el D\u00eda Mundial del Turismo, este a\u00f1o bajo el lema \u201cTurismo y Desarrollo Rural\u201d. Tras un a\u00f1o marcado por una fuerte crisis Econ\u00f3mica y Social, a causa de la pandemia por el Virus (covid-19) el cual provoc\u00f3 que muchos sectores de la econom\u00eda se viesen afectados, especialmente el del Turismo, ocasionando el cese total de sus actividades en el pa\u00eds durante 5 meses dejando p\u00e9rdidas cuantiosas, pero m\u00e1s que el valor econ\u00f3mico, se vio perjudicado el crecimiento, desarrollo y progreso Tur\u00edstico del pa\u00eds y en especial el de la regi\u00f3n.<\/p>\n\n\n\n<p>Por esta raz\u00f3n, en el marco de la conmemoraci\u00f3n del D\u00eda Mundial Turismo nos comprometemos para que por medio de un trabajo mancomunado junto con los gremios que pertenecen al sector y las comunidades de la regi\u00f3n, unamos fuerzas para impulsar la recuperaci\u00f3n del departamento en cuanto al crecimiento tur\u00edstico y el apoyo a las a las comunidades rurales.<\/p>\n\n\n\n<p>Para este a\u00f1o el prop\u00f3sito de las entidades que impulsan el turismo a nivel mundial, nacional o regional es el cuidado y preservaci\u00f3n del patrimonio cultural, social, econ\u00f3mico y natural de los destinos, direccion\u00e1ndolo a la sostenibilidad del sector. Es as\u00ed como desde la Corporaci\u00f3n Mixta nos comprometemos a impulsar el turismo rural para lograr su crecimiento de manera responsable y sostenible, d\u00e1ndole visibilidad a la riqueza y potencial de cada uno de los municipios de la regi\u00f3n.<\/p>\n\n\n\n<p>Es hora de darle la importancia que las comunidades rurales merecen y necesitan, brind\u00e1ndole espacios de participaci\u00f3n tur\u00edstica, compartiendo su patrimonio cultural y sus tradiciones, de igual manera, creando una cultura de cuidado y preservaci\u00f3n de los recursos naturales para causar en ellos el menor impacto posible, por otra parte, esta puede convertirse en una gran fuente de empleo que les brinde sustentabilidad a las familias de las comunidades rurales.<\/p>\n[\/et_pb_text][\/et_pb_column]\n\t\t[\/et_pb_row]\n\t[\/et_pb_section]<!-- AddThis Advanced Settings generic via filter on the_content --><!-- AddThis Share Buttons generic via filter on the_content -->","protected":false},"excerpt":{"rendered":"<p>[et_pb_section admin_label=&#8221;section&#8221;] [et_pb_row admin_label=&#8221;row&#8221;] [et_pb_column type=&#8221;4_4&#8243;][et_pb_text admin_label=&#8221;Text&#8221;] Hoy 27 de septiembre de 2020, se conmemora el D\u00eda Mundial del Turismo, este a\u00f1o bajo el lema \u201cTurismo y Desarrollo Rural\u201d. Tras un a\u00f1o marcado por una fuerte crisis Econ\u00f3mica y Social, a causa de la pandemia por el Virus (covid-19) el cual provoc\u00f3 que muchos sectores [&hellip;]<!-- AddThis Advanced Settings generic via filter on get_the_excerpt --><!-- AddThis Share Buttons generic via filter on get_the_excerpt --><\/p>\n","protected":false},"author":1,"featured_media":0,"comment_status":"open","ping_status":"open","sticky":false,"template":"","format":"standard","meta":{"_et_pb_use_builder":"on","_et_pb_old_content":"<!-- wp:paragraph -->\n<p>Hoy 27 de septiembre de 2020, se conmemora el D\u00eda Mundial del Turismo, este a\u00f1o bajo el lema \u201cTurismo y Desarrollo Rural\u201d. Tras un a\u00f1o marcado por una fuerte crisis Econ\u00f3mica y Social, a causa de la pandemia por el Virus (covid-19) el cual provoc\u00f3 que muchos sectores de la econom\u00eda se viesen afectados, especialmente el del Turismo, ocasionando el cese total de sus actividades en el pa\u00eds durante 5 meses dejando p\u00e9rdidas cuantiosas, pero m\u00e1s que el valor econ\u00f3mico, se vio perjudicado el crecimiento, desarrollo y progreso Tur\u00edstico del pa\u00eds y en especial el de la regi\u00f3n.<\/p>\n<!-- \/wp:paragraph -->\n\n<!-- wp:paragraph -->\n<p>Por esta raz\u00f3n, en el marco de la conmemoraci\u00f3n del D\u00eda Mundial Turismo nos comprometemos para que por medio de un trabajo mancomunado junto con los gremios que pertenecen al sector y las comunidades de la regi\u00f3n, unamos fuerzas para impulsar la recuperaci\u00f3n del departamento en cuanto al crecimiento tur\u00edstico y el apoyo a las a las comunidades rurales.<\/p>\n<!-- \/wp:paragraph -->\n\n<!-- wp:paragraph -->\n<p>Para este a\u00f1o el prop\u00f3sito de las entidades que impulsan el turismo a nivel mundial, nacional o regional es el cuidado y preservaci\u00f3n del patrimonio cultural, social, econ\u00f3mico y natural de los destinos, direccion\u00e1ndolo a la sostenibilidad del sector. Es as\u00ed como desde la Corporaci\u00f3n Mixta nos comprometemos a impulsar el turismo rural para lograr su crecimiento de manera responsable y sostenible, d\u00e1ndole visibilidad a la riqueza y potencial de cada uno de los municipios de la regi\u00f3n.<\/p>\n<!-- \/wp:paragraph -->\n\n<!-- wp:paragraph -->\n<p>Es hora de darle la importancia que las comunidades rurales merecen y necesitan, brind\u00e1ndole espacios de participaci\u00f3n tur\u00edstica, compartiendo su patrimonio cultural y sus tradiciones, de igual manera, creando una cultura de cuidado y preservaci\u00f3n de los recursos naturales para causar en ellos el menor impacto posible, por otra parte, esta puede convertirse en una gran fuente de empleo que les brinde sustentabilidad a las familias de las comunidades rurales.<\/p>\n<!-- \/wp:paragraph -->","_exactmetrics_skip_tracking":false,"_exactmetrics_sitenote_active":false,"_exactmetrics_sitenote_note":"","_exactmetrics_sitenote_category":0,"footnotes":""},"categories":[3],"tags":[],"class_list":["post-433","post","type-post","status-publish","format-standard","hentry","category-noticias"],"_links":{"self":[{"href":"https:\/\/corpomixnortedesantander.com\/web\/wp-json\/wp\/v2\/posts\/433","targetHints":{"allow":["GET"]}}],"collection":[{"href":"https:\/\/corpomixnortedesantander.com\/web\/wp-json\/wp\/v2\/posts"}],"about":[{"href":"https:\/\/corpomixnortedesantander.com\/web\/wp-json\/wp\/v2\/types\/post"}],"author":[{"embeddable":true,"href":"https:\/\/corpomixnortedesantander.com\/web\/wp-json\/wp\/v2\/users\/1"}],"replies":[{"embeddable":true,"href":"https:\/\/corpomixnortedesantander.com\/web\/wp-json\/wp\/v2\/comments?post=433"}],"version-history":[{"count":2,"href":"https:\/\/corpomixnortedesantander.com\/web\/wp-json\/wp\/v2\/posts\/433\/revisions"}],"predecessor-version":[{"id":523,"href":"https:\/\/corpomixnortedesantander.com\/web\/wp-json\/wp\/v2\/posts\/433\/revisions\/523"}],"wp:attachment":[{"href":"https:\/\/corpomixnortedesantander.com\/web\/wp-json\/wp\/v2\/media?parent=433"}],"wp:term":[{"taxonomy":"category","embeddable":true,"href":"https:\/\/corpomixnortedesantander.com\/web\/wp-json\/wp\/v2\/categories?post=433"},{"taxonomy":"post_tag","embeddable":true,"href":"https:\/\/corpomixnortedesantander.com\/web\/wp-json\/wp\/v2\/tags?post=433"}],"curies":[{"name":"wp","href":"https:\/\/api.w.org\/{rel}","templated":true}]}}