{"id":424,"date":"2020-09-01T12:25:17","date_gmt":"2020-09-01T17:25:17","guid":{"rendered":"https:\/\/corpomixnortedesantander.com\/web\/?p=424"},"modified":"2022-09-23T14:36:29","modified_gmt":"2022-09-23T19:36:29","slug":"tras-cinco-meses-de-cierre-se-reactiva-el-turismo-en-colombia","status":"publish","type":"post","link":"https:\/\/corpomixnortedesantander.com\/web\/tras-cinco-meses-de-cierre-se-reactiva-el-turismo-en-colombia\/","title":{"rendered":"Tras cinco meses de cierre, se reactiva el turismo en Colombia."},"content":{"rendered":"[et_pb_section admin_label=&#8221;section&#8221;]\n\t\t[et_pb_row admin_label=&#8221;row&#8221;]\n\t\t\t[et_pb_column type=&#8221;4_4&#8243;][et_pb_text admin_label=&#8221;Text&#8221;]\n<p>A partir del primero (1) de\nseptiembre se podr\u00e1 disfrutar de las actividades tur\u00edsticas en el pa\u00eds, pudiendo\nhacer uso del&nbsp; transporte intermunicipal\no el &nbsp;a\u00e9reo, ya que las terminales de\nbuses y aeropuertos estar\u00e1n abiertos, bajo el cumplimiento de los protocolos de\nbioseguridad.<\/p>\n\n\n\n<p>Dada la noticia la\norganizaci\u00f3n de Aeropuertos de Oriente S.A.S, dio a conocer\nel itinerario de los vuelos en las siguientes rutas, correspondientes a la\nciudad de C\u00facuta, desde el aeropuerto internacional Camilo Daza, que estar\u00e1\norganizado de la siguiente manera.<\/p>\n\n\n\n<p>-Viva Air operar\u00e1 en la ruta\nC\u00facuta &#8211; Bogot\u00e1 cinco d\u00edas a la semana, lunes, mi\u00e9rcoles, jueves, viernes y\ndomingo saliendo a las 13:11 pm.<\/p>\n\n\n\n<p>-Avianca operar\u00e1 de lunes a\nviernes, en la ruta C\u00facuta \u2013 Bogot\u00e1 con dos vuelos diarios, saliendo del\naeropuerto internacional Camilo Daza a las 11:44 am y a las 17:09 pm. <\/p>\n\n\n\n<p>Los s\u00e1bados un vuelo desde C\u00facuta a Bogot\u00e1 saliendo a las\n11:44 am y los domingos saliendo a las 17:09 pm.&nbsp; <\/p>\n\n\n\n<p>Por otra parte, el decreto concede la reactivaci\u00f3n de las\nsiguientes \u00e1reas del sector turismo, &nbsp;siempre y cuando cumplan con los &nbsp;protocolos de bioseguridad, adem\u00e1s de\ngarantizar el distanciamiento social y los procedimientos de autocuidado.<\/p>\n\n\n\n<ul class=\"wp-block-list\"><li>Apertura de hoteles <\/li><li>viajes en grupo o\nexcursiones. <\/li><li>Reactivaci\u00f3n de actividades tur\u00edsticas en playas y parques\nNaturales <\/li><li>Apertura de parques tem\u00e1ticos y de diversiones.<\/li><\/ul>\n\n\n\n<p>Algunas actividades que el\ndecreto contempla como NO pertinentes son: <\/p>\n\n\n\n<p>&#8211; Apertura de bares y\ndiscotecas.<\/p>\n\n\n\n<p>&#8211; Eventos y ferias <\/p>\n\n\n\n<p>&#8211; Consumo de alcohol en\nespacios p\u00fablicos o en establecimientos de comercio<\/p>\n\n\n\n<p>En cuanto a la apertura de\nplazoletas de comida y restaurantes se abrir\u00e1n solo en municipios sin\nafectaci\u00f3n, baja afectaci\u00f3n y moderada afectaci\u00f3n.\n\nConoce el ABEC\u00c9 del\ndecreto en la p\u00e1gina del Ministerio de Comercio, Industria y Turismo. <a href=\"http:\/\/www.mincit.gov.co\">www.mincit.gov.co<\/a><\/p>\n[\/et_pb_text][\/et_pb_column]\n\t\t[\/et_pb_row]\n\t[\/et_pb_section]<!-- AddThis Advanced Settings generic via filter on the_content --><!-- AddThis Share Buttons generic via filter on the_content -->","protected":false},"excerpt":{"rendered":"<p>[et_pb_section admin_label=&#8221;section&#8221;] [et_pb_row admin_label=&#8221;row&#8221;] [et_pb_column type=&#8221;4_4&#8243;][et_pb_text admin_label=&#8221;Text&#8221;] A partir del primero (1) de septiembre se podr\u00e1 disfrutar de las actividades tur\u00edsticas en el pa\u00eds, pudiendo hacer uso del&nbsp; transporte intermunicipal o el &nbsp;a\u00e9reo, ya que las terminales de buses y aeropuertos estar\u00e1n abiertos, bajo el cumplimiento de los protocolos de bioseguridad. Dada la noticia la [&hellip;]<!-- AddThis Advanced Settings generic via filter on get_the_excerpt --><!-- AddThis Share Buttons generic via filter on get_the_excerpt --><\/p>\n","protected":false},"author":1,"featured_media":0,"comment_status":"open","ping_status":"open","sticky":false,"template":"","format":"standard","meta":{"_et_pb_use_builder":"on","_et_pb_old_content":"<!-- wp:paragraph -->\n<p>A partir del primero (1) de\nseptiembre se podr\u00e1 disfrutar de las actividades tur\u00edsticas en el pa\u00eds, pudiendo\nhacer uso del&nbsp; transporte intermunicipal\no el &nbsp;a\u00e9reo, ya que las terminales de\nbuses y aeropuertos estar\u00e1n abiertos, bajo el cumplimiento de los protocolos de\nbioseguridad.<\/p>\n<!-- \/wp:paragraph -->\n\n<!-- wp:paragraph -->\n<p>Dada la noticia la\norganizaci\u00f3n de Aeropuertos de Oriente S.A.S, dio a conocer\nel itinerario de los vuelos en las siguientes rutas, correspondientes a la\nciudad de C\u00facuta, desde el aeropuerto internacional Camilo Daza, que estar\u00e1\norganizado de la siguiente manera.<\/p>\n<!-- \/wp:paragraph -->\n\n<!-- wp:paragraph -->\n<p>-Viva Air operar\u00e1 en la ruta\nC\u00facuta - Bogot\u00e1 cinco d\u00edas a la semana, lunes, mi\u00e9rcoles, jueves, viernes y\ndomingo saliendo a las 13:11 pm.<\/p>\n<!-- \/wp:paragraph -->\n\n<!-- wp:paragraph -->\n<p>-Avianca operar\u00e1 de lunes a\nviernes, en la ruta C\u00facuta \u2013 Bogot\u00e1 con dos vuelos diarios, saliendo del\naeropuerto internacional Camilo Daza a las 11:44 am y a las 17:09 pm. <\/p>\n<!-- \/wp:paragraph -->\n\n<!-- wp:paragraph -->\n<p>Los s\u00e1bados un vuelo desde C\u00facuta a Bogot\u00e1 saliendo a las\n11:44 am y los domingos saliendo a las 17:09 pm.&nbsp; <\/p>\n<!-- \/wp:paragraph -->\n\n<!-- wp:paragraph -->\n<p>Por otra parte, el decreto concede la reactivaci\u00f3n de las\nsiguientes \u00e1reas del sector turismo, &nbsp;siempre y cuando cumplan con los &nbsp;protocolos de bioseguridad, adem\u00e1s de\ngarantizar el distanciamiento social y los procedimientos de autocuidado.<\/p>\n<!-- \/wp:paragraph -->\n\n<!-- wp:list -->\n<ul><li>Apertura de hoteles <\/li><li>viajes en grupo o\nexcursiones. <\/li><li>Reactivaci\u00f3n de actividades tur\u00edsticas en playas y parques\nNaturales <\/li><li>Apertura de parques tem\u00e1ticos y de diversiones.<\/li><\/ul>\n<!-- \/wp:list -->\n\n<!-- wp:paragraph -->\n<p>Algunas actividades que el\ndecreto contempla como NO pertinentes son: <\/p>\n<!-- \/wp:paragraph -->\n\n<!-- wp:paragraph -->\n<p>- Apertura de bares y\ndiscotecas.<\/p>\n<!-- \/wp:paragraph -->\n\n<!-- wp:paragraph -->\n<p>- Eventos y ferias <\/p>\n<!-- \/wp:paragraph -->\n\n<!-- wp:paragraph -->\n<p>- Consumo de alcohol en\nespacios p\u00fablicos o en establecimientos de comercio<\/p>\n<!-- \/wp:paragraph -->\n\n<!-- wp:paragraph -->\n<p>En cuanto a la apertura de\nplazoletas de comida y restaurantes se abrir\u00e1n solo en municipios sin\nafectaci\u00f3n, baja afectaci\u00f3n y moderada afectaci\u00f3n.\n\nConoce el ABEC\u00c9 del\ndecreto en la p\u00e1gina del Ministerio de Comercio, Industria y Turismo. <a href=\"http:\/\/www.mincit.gov.co\">www.mincit.gov.co<\/a><\/p>\n<!-- \/wp:paragraph -->","_exactmetrics_skip_tracking":false,"_exactmetrics_sitenote_active":false,"_exactmetrics_sitenote_note":"","_exactmetrics_sitenote_category":0,"footnotes":""},"categories":[3],"tags":[],"class_list":["post-424","post","type-post","status-publish","format-standard","hentry","category-noticias"],"_links":{"self":[{"href":"https:\/\/corpomixnortedesantander.com\/web\/wp-json\/wp\/v2\/posts\/424","targetHints":{"allow":["GET"]}}],"collection":[{"href":"https:\/\/corpomixnortedesantander.com\/web\/wp-json\/wp\/v2\/posts"}],"about":[{"href":"https:\/\/corpomixnortedesantander.com\/web\/wp-json\/wp\/v2\/types\/post"}],"author":[{"embeddable":true,"href":"https:\/\/corpomixnortedesantander.com\/web\/wp-json\/wp\/v2\/users\/1"}],"replies":[{"embeddable":true,"href":"https:\/\/corpomixnortedesantander.com\/web\/wp-json\/wp\/v2\/comments?post=424"}],"version-history":[{"count":2,"href":"https:\/\/corpomixnortedesantander.com\/web\/wp-json\/wp\/v2\/posts\/424\/revisions"}],"predecessor-version":[{"id":524,"href":"https:\/\/corpomixnortedesantander.com\/web\/wp-json\/wp\/v2\/posts\/424\/revisions\/524"}],"wp:attachment":[{"href":"https:\/\/corpomixnortedesantander.com\/web\/wp-json\/wp\/v2\/media?parent=424"}],"wp:term":[{"taxonomy":"category","embeddable":true,"href":"https:\/\/corpomixnortedesantander.com\/web\/wp-json\/wp\/v2\/categories?post=424"},{"taxonomy":"post_tag","embeddable":true,"href":"https:\/\/corpomixnortedesantander.com\/web\/wp-json\/wp\/v2\/tags?post=424"}],"curies":[{"name":"wp","href":"https:\/\/api.w.org\/{rel}","templated":true}]}}