{"id":222,"date":"2019-05-08T00:15:58","date_gmt":"2019-05-08T05:15:58","guid":{"rendered":"https:\/\/corpomixnortedesantander.com\/web\/?p=222"},"modified":"2019-05-08T00:25:25","modified_gmt":"2019-05-08T05:25:25","slug":"apertura-del-aeropuerto-internacional-camilo-daza","status":"publish","type":"post","link":"https:\/\/corpomixnortedesantander.com\/web\/apertura-del-aeropuerto-internacional-camilo-daza\/","title":{"rendered":"Apertura del Aeropuerto Internacional Camilo Daza"},"content":{"rendered":"\n<p>En compa\u00f1\u00eda de gremios, autoridades civiles, militares, empresarios, medios de comunicaci\u00f3n, y funcionarios de las diferentes aerol\u00edneas y del aeropuerto, y con la presencia de la Vicepresidenta de la Rep\u00fablica, Martha Lucia Ram\u00edrez, y la Ministra de Transporte, \u00c1ngela Mar\u00eda Orozco, el 26 de abril se llev\u00f3 a cabo la entrada en servicio de modernizaci\u00f3n y puesta en operaci\u00f3n del Aeropuerto Internacional Camilo Daza de la ciudad de San Jos\u00e9 de C\u00facuta.<\/p>\n\n\n\n<p>La Agencia Nacional de Infraestructura, ANI, la Concesi\u00f3n Aeropuertos del Oriente S.A.S., ejecut\u00f3 en dos fases de obra la Modernizaci\u00f3n del aeropuerto internacional Camilo Daza. La primera intervenci\u00f3n se realiz\u00f3 entre diciembre de 2011 y diciembre de 2013. La segunda etapa, se cumpli\u00f3 entre enero de 2016 y febrero de 2019. Cumplidas dichas actividades, con una inversi\u00f3n superior a los $87.880 millones, se entreg\u00f3 a la ciudad y al departamento un aeropuerto a la vanguardia, moderno y competitivo para el beneficio de la regi\u00f3n.<\/p>\n\n\n\n<ul class=\"wp-block-gallery columns-2 is-cropped wp-block-gallery-1 is-layout-flex wp-block-gallery-is-layout-flex\"><li class=\"blocks-gallery-item\"><figure><img loading=\"lazy\" decoding=\"async\" width=\"960\" height=\"720\" src=\"https:\/\/corpomixnortedesantander.com\/web\/wp-content\/uploads\/2019\/05\/aeropuerto-5.jpg\" alt=\"\" data-id=\"228\" data-link=\"https:\/\/corpomixnortedesantander.com\/web\/apertura-del-aeropuerto-internacional-camilo-daza\/aeropuerto-5\/\" class=\"wp-image-228\" srcset=\"https:\/\/corpomixnortedesantander.com\/web\/wp-content\/uploads\/2019\/05\/aeropuerto-5.jpg 960w, https:\/\/corpomixnortedesantander.com\/web\/wp-content\/uploads\/2019\/05\/aeropuerto-5-300x225.jpg 300w, https:\/\/corpomixnortedesantander.com\/web\/wp-content\/uploads\/2019\/05\/aeropuerto-5-768x576.jpg 768w, https:\/\/corpomixnortedesantander.com\/web\/wp-content\/uploads\/2019\/05\/aeropuerto-5-510x382.jpg 510w\" sizes=\"auto, (max-width: 960px) 100vw, 960px\" \/><\/figure><\/li><li class=\"blocks-gallery-item\"><figure><img loading=\"lazy\" decoding=\"async\" width=\"520\" height=\"225\" src=\"https:\/\/corpomixnortedesantander.com\/web\/wp-content\/uploads\/2019\/05\/aeropuerto1.jpg\" alt=\"\" data-id=\"229\" data-link=\"https:\/\/corpomixnortedesantander.com\/web\/apertura-del-aeropuerto-internacional-camilo-daza\/aeropuerto1\/\" class=\"wp-image-229\" srcset=\"https:\/\/corpomixnortedesantander.com\/web\/wp-content\/uploads\/2019\/05\/aeropuerto1.jpg 520w, https:\/\/corpomixnortedesantander.com\/web\/wp-content\/uploads\/2019\/05\/aeropuerto1-300x130.jpg 300w\" sizes=\"auto, (max-width: 520px) 100vw, 520px\" \/><\/figure><\/li><li class=\"blocks-gallery-item\"><figure><img loading=\"lazy\" decoding=\"async\" width=\"1024\" height=\"550\" src=\"https:\/\/corpomixnortedesantander.com\/web\/wp-content\/uploads\/2019\/05\/aeropuerto3-1024x550.jpg\" alt=\"\" data-id=\"230\" data-link=\"https:\/\/corpomixnortedesantander.com\/web\/apertura-del-aeropuerto-internacional-camilo-daza\/aeropuerto3\/\" class=\"wp-image-230\" srcset=\"https:\/\/corpomixnortedesantander.com\/web\/wp-content\/uploads\/2019\/05\/aeropuerto3-1024x550.jpg 1024w, https:\/\/corpomixnortedesantander.com\/web\/wp-content\/uploads\/2019\/05\/aeropuerto3-300x161.jpg 300w, https:\/\/corpomixnortedesantander.com\/web\/wp-content\/uploads\/2019\/05\/aeropuerto3-768x413.jpg 768w, https:\/\/corpomixnortedesantander.com\/web\/wp-content\/uploads\/2019\/05\/aeropuerto3-1080x581.jpg 1080w, https:\/\/corpomixnortedesantander.com\/web\/wp-content\/uploads\/2019\/05\/aeropuerto3.jpg 1280w\" sizes=\"auto, (max-width: 1024px) 100vw, 1024px\" \/><\/figure><\/li><li class=\"blocks-gallery-item\"><figure><img loading=\"lazy\" decoding=\"async\" width=\"1024\" height=\"510\" src=\"https:\/\/corpomixnortedesantander.com\/web\/wp-content\/uploads\/2019\/05\/aeropuerto4-1024x510.jpg\" alt=\"\" data-id=\"231\" data-link=\"https:\/\/corpomixnortedesantander.com\/web\/apertura-del-aeropuerto-internacional-camilo-daza\/aeropuerto4\/\" class=\"wp-image-231\" srcset=\"https:\/\/corpomixnortedesantander.com\/web\/wp-content\/uploads\/2019\/05\/aeropuerto4-1024x510.jpg 1024w, https:\/\/corpomixnortedesantander.com\/web\/wp-content\/uploads\/2019\/05\/aeropuerto4-300x149.jpg 300w, https:\/\/corpomixnortedesantander.com\/web\/wp-content\/uploads\/2019\/05\/aeropuerto4-768x382.jpg 768w, https:\/\/corpomixnortedesantander.com\/web\/wp-content\/uploads\/2019\/05\/aeropuerto4-1080x537.jpg 1080w, https:\/\/corpomixnortedesantander.com\/web\/wp-content\/uploads\/2019\/05\/aeropuerto4.jpg 1280w\" sizes=\"auto, (max-width: 1024px) 100vw, 1024px\" \/><\/figure><\/li><\/ul>\n<!-- AddThis Advanced Settings generic via filter on the_content --><!-- AddThis Share Buttons generic via filter on the_content -->","protected":false},"excerpt":{"rendered":"<p>En compa\u00f1\u00eda de gremios, autoridades civiles, militares, empresarios, medios de comunicaci\u00f3n, y funcionarios de las diferentes aerol\u00edneas y del aeropuerto&#8230;<!-- AddThis Advanced Settings generic via filter on get_the_excerpt --><!-- AddThis Share Buttons generic via filter on get_the_excerpt --><\/p>\n","protected":false},"author":1,"featured_media":225,"comment_status":"open","ping_status":"open","sticky":false,"template":"","format":"standard","meta":{"_et_pb_use_builder":"off","_et_pb_old_content":"","_exactmetrics_skip_tracking":false,"_exactmetrics_sitenote_active":false,"_exactmetrics_sitenote_note":"","_exactmetrics_sitenote_category":0,"footnotes":""},"categories":[3],"tags":[],"class_list":["post-222","post","type-post","status-publish","format-standard","has-post-thumbnail","hentry","category-noticias"],"_links":{"self":[{"href":"https:\/\/corpomixnortedesantander.com\/web\/wp-json\/wp\/v2\/posts\/222","targetHints":{"allow":["GET"]}}],"collection":[{"href":"https:\/\/corpomixnortedesantander.com\/web\/wp-json\/wp\/v2\/posts"}],"about":[{"href":"https:\/\/corpomixnortedesantander.com\/web\/wp-json\/wp\/v2\/types\/post"}],"author":[{"embeddable":true,"href":"https:\/\/corpomixnortedesantander.com\/web\/wp-json\/wp\/v2\/users\/1"}],"replies":[{"embeddable":true,"href":"https:\/\/corpomixnortedesantander.com\/web\/wp-json\/wp\/v2\/comments?post=222"}],"version-history":[{"count":4,"href":"https:\/\/corpomixnortedesantander.com\/web\/wp-json\/wp\/v2\/posts\/222\/revisions"}],"predecessor-version":[{"id":233,"href":"https:\/\/corpomixnortedesantander.com\/web\/wp-json\/wp\/v2\/posts\/222\/revisions\/233"}],"wp:featuredmedia":[{"embeddable":true,"href":"https:\/\/corpomixnortedesantander.com\/web\/wp-json\/wp\/v2\/media\/225"}],"wp:attachment":[{"href":"https:\/\/corpomixnortedesantander.com\/web\/wp-json\/wp\/v2\/media?parent=222"}],"wp:term":[{"taxonomy":"category","embeddable":true,"href":"https:\/\/corpomixnortedesantander.com\/web\/wp-json\/wp\/v2\/categories?post=222"},{"taxonomy":"post_tag","embeddable":true,"href":"https:\/\/corpomixnortedesantander.com\/web\/wp-json\/wp\/v2\/tags?post=222"}],"curies":[{"name":"wp","href":"https:\/\/api.w.org\/{rel}","templated":true}]}}